[{"@context":"https:\/\/schema.org\/","@type":"Article","@id":"https:\/\/www.koompas.cz\/kdo-je-to-profesionalni-predseda-svj\/#Article","mainEntityOfPage":"https:\/\/www.koompas.cz\/kdo-je-to-profesionalni-predseda-svj\/","headline":"Kdo je to profesion\u00e1ln\u00ed p\u0159edseda SVJ ?","name":"Kdo je to profesion\u00e1ln\u00ed p\u0159edseda SVJ ?","description":"Jakou funkci vykon\u00e1v\u00e1 ? pro\u010d je d\u016fle\u017eit\u00fd a o \u010dem rozhoduje profesion\u00e1ln\u00ed p\u0159edseda SVJ ? o tom si pov\u00edme v dne\u0161n\u00edm \u010dl\u00e1nku. Kdo je to profesion\u00e1ln\u00ed p\u0159edseda SVJ?, co tato osoba vykon\u00e1v\u00e1, jak\u00e1 je jeho odpov\u011bdnost ? To jsou ot\u00e1zky na kter\u00e9 si v dne\u0161n\u00edm \u010dl\u00e1nku odpov\u00edme. Kdo je profesion\u00e1ln\u00ed","datePublished":"2022-02-28","dateModified":"2023-05-06","author":{"@type":"Person","@id":"https:\/\/www.koompas.cz\/author\/#Person","name":"","url":"https:\/\/www.koompas.cz\/author\/","identifier":1,"image":{"@type":"ImageObject","@id":"https:\/\/secure.gravatar.com\/avatar\/03ef97ef22d1b0d07a8e6c50d88cc1823592c58a091286b466bcec36e31eaab2?s=96&d=mm&r=g","url":"https:\/\/secure.gravatar.com\/avatar\/03ef97ef22d1b0d07a8e6c50d88cc1823592c58a091286b466bcec36e31eaab2?s=96&d=mm&r=g","height":96,"width":96}},"publisher":{"@type":"Organization","name":"koompas.cz","logo":{"@type":"ImageObject","@id":"\/logo.png","url":"\/logo.png","width":600,"height":60}},"image":{"@type":"ImageObject","@id":"https:\/\/www.koompas.cz\/wp-content\/uploads\/225480-P1D4YI-457.jpg","url":"https:\/\/www.koompas.cz\/wp-content\/uploads\/225480-P1D4YI-457.jpg","height":0,"width":0},"url":"https:\/\/www.koompas.cz\/kdo-je-to-profesionalni-predseda-svj\/","about":["Podnik\u00e1n\u00ed"],"wordCount":441,"articleBody":"      Jakou funkci vykon\u00e1v\u00e1 ? pro\u010d je d\u016fle\u017eit\u00fd a o \u010dem rozhoduje profesion\u00e1ln\u00ed p\u0159edseda SVJ ? o tom si pov\u00edme v dne\u0161n\u00edm \u010dl\u00e1nku. Kdo je to profesion\u00e1ln\u00ed p\u0159edseda SVJ?, co tato osoba vykon\u00e1v\u00e1, jak\u00e1 je jeho odpov\u011bdnost ? To jsou ot\u00e1zky na kter\u00e9 si v dne\u0161n\u00edm \u010dl\u00e1nku odpov\u00edme. Kdo je profesion\u00e1ln\u00ed p\u0159edseda SVJ ?&#8211; Pokud by jste se cht\u011bli st\u00e1t PP (Profesion\u00e1ln\u00edm p\u0159edsedou) mus\u00edte b\u00fdt \u010dlenem v\u00fdboru SVJ. Tak\u00e9 mus\u00edte b\u00fdt schopn\u00fd pracovat s\u00e1m za sebe a mus\u00edte b\u00fdt sv\u00e9pr\u00e1vn\u00fd. &#8211; Tak\u017ee zjednodu\u0161en\u011b profesion\u00e1ln\u00edm p\u0159edsedou m\u016f\u017ee b\u00fdt osoba sv\u00e9pr\u00e1vn\u00e1 a samostatn\u00e1 a mus\u00ed b\u00fdt sou\u010d\u00e1st\u00ed v\u00fdboru SVJ. Popis pr\u00e1ce kterou mus\u00ed vykon\u00e1vat &#8211; Zaji\u0161\u0165uje spr\u00e1vu domu \u010di dan\u00e9 jednotky &#8211; Mus\u00ed v\u00e9st evidenci vlastn\u00edk\u016f t\u011bchto jednotek &#8211; Mus\u00ed zaji\u0161\u0165ovat shrom\u00e1\u017ed\u011bn\u00ed vlastn\u00edk\u016f alespo\u0148 jednou ro\u010dn\u011b&#8211; V\u017edy mus\u00ed archivovat ve\u0161ker\u00e9 dokumenty a z\u00e1pisy z dan\u00e9ho shrom\u00e1\u017ed\u011bn\u00ed &#8211; Tak\u00e9 mus\u00ed v\u00e9st \u00fa\u010detnictv\u00ed a mus\u00ed b\u00fdt v\u017edy a za jak\u00fdchkoli okolnost\u00ed k dispozici v\u0161em vlastn\u00edk\u016fm jednotek &#8211; L\u00e9pe \u0159e\u0161eno zastupuje shrom\u00e1\u017ed\u011bn\u00ed vlastn\u00edk\u016f p\u0159edev\u0161\u00edm v ter\u00e9nu a tak\u00e9 je zastupuje v \u0159e\u0161en\u00ed v\u0161ech st\u00ed\u017enost\u00ed a neshod. &#8211; Profesion\u00e1ln\u00ed p\u0159edseda mus\u00ed zn\u00e1t ve\u0161ker\u00e9 z\u00e1kony a pr\u00e1vn\u00ed z\u00e1le\u017eitosti ur\u010den\u00e9 pro spr\u00e1vu SVJ jako takovou&#8211; Zaji\u0161\u0165uje ve\u0161ker\u00e9 a pot\u0159ebn\u00e9 funkce v\u00fdboru SVJ jakou jsou nap\u0159\u00edklad povinnosti a na\u0159\u00edzen\u00ed kter\u00e9 p\u0159ik\u00e1\u017ee a rozhodne samotn\u00e9 shrom\u00e1\u017ed\u011bn\u00ed, Povinnosti kter\u00e9 jsou ur\u010deny stanovami SVJ \u010di BD&#8211; V\u017edy p\u0159ipravuje ve\u0161ker\u00e9 podklady pro zased\u00e1n\u00ed shrom\u00e1\u017ed\u011bn\u00ed&#8211; Zaji\u0161\u0165uje pravideln\u00e9 vy\u00fa\u010dtov\u00e1n\u00ed slu\u017eeb jako jsou nap\u0159\u00edklad Voda, Plyn a Elekt\u0159ina Co v\u00e1m m\u016f\u017ee za\u0159\u00eddit a zajistit ? &#8211; Ve\u0161ker\u00e9 pot\u0159ebn\u00e9 informace ale i pr\u00e1vn\u00ed z\u00e1le\u017eitosti t\u00fdkaj\u00edc\u00ed se va\u0161\u00ed bytov\u00e9 jednotky \u010di domu jako takov\u00e9ho &#8211; Postar\u00e1 se o vy\u0159\u00edzen\u00ed va\u0161ich st\u00ed\u017enost\u00ed \u010di va\u0161\u00ed nespokojenosti s danou v\u011bc\u00ed. &#8211; Postar\u00e1 se o v\u0161e pot\u0159ebn\u00e9 t\u00fdkaj\u00edc\u00ed se smluv pro vlastn\u00edky &#8211; A v\u017edy v\u00e1m dok\u00e1\u017ee za ka\u017edou cenu poradit a v\u0161e bezprobl\u00e9mov\u011b vy\u0159e\u0161it V\u0161e pot\u0159ebn\u00e9 o profesion\u00e1ln\u00edm p\u0159edsedovy svj Homepartner.cz se dozv\u00edte v tomto odkazu.                                                                                                                                                                                                                                                                                                                                                                                           4.3\/5 - (9 votes)        "},{"@context":"https:\/\/schema.org\/","@type":"BreadcrumbList","itemListElement":[{"@type":"ListItem","position":1,"name":"Kdo je to profesion\u00e1ln\u00ed p\u0159edseda SVJ ?","item":"https:\/\/www.koompas.cz\/kdo-je-to-profesionalni-predseda-svj\/#breadcrumbitem"}]}]