[{"@context":"https:\/\/schema.org\/","@type":"Article","@id":"https:\/\/www.koompas.cz\/kdyz-se-rozhodnete-udelat-ve-svem-zivote-zmenu\/#Article","mainEntityOfPage":"https:\/\/www.koompas.cz\/kdyz-se-rozhodnete-udelat-ve-svem-zivote-zmenu\/","headline":"Kdy\u017e se rozhodnete ud\u011blat ve sv\u00e9m \u017eivot\u011b zm\u011bnu","name":"Kdy\u017e se rozhodnete ud\u011blat ve sv\u00e9m \u017eivot\u011b zm\u011bnu","description":"Co si mysl\u00edte o prodlou\u017een\u00fdch vlasech? Popravd\u011b v\u00e1m m\u016f\u017eu \u0159\u00edct, \u017ee sv\u00e9 zku\u0161enosti m\u00e1m j\u00e1. Kr\u00e1tk\u00e9 vlasy m\u00e1m od p\u0159\u00edrody, ale se svou zku\u0161enost\u00ed jsem byla cel\u00fd \u017eivot takov\u00e1, \u017ee mi h\u016f\u0159 prost\u011b rostly a u\u017e se mi to p\u0159estalo l\u00edbit. Samoz\u0159ejm\u011b u\u017e mi je kolem 30 let a cht\u011bla","datePublished":"2023-08-28","dateModified":"2023-08-28","author":{"@type":"Person","@id":"https:\/\/www.koompas.cz\/author\/#Person","name":"","url":"https:\/\/www.koompas.cz\/author\/","identifier":1,"image":{"@type":"ImageObject","@id":"https:\/\/secure.gravatar.com\/avatar\/03ef97ef22d1b0d07a8e6c50d88cc1823592c58a091286b466bcec36e31eaab2?s=96&d=mm&r=g","url":"https:\/\/secure.gravatar.com\/avatar\/03ef97ef22d1b0d07a8e6c50d88cc1823592c58a091286b466bcec36e31eaab2?s=96&d=mm&r=g","height":96,"width":96}},"publisher":{"@type":"Organization","name":"koompas.cz","logo":{"@type":"ImageObject","@id":"\/logo.png","url":"\/logo.png","width":600,"height":60}},"image":{"@type":"ImageObject","@id":"https:\/\/www.koompas.cz\/wp-content\/uploads\/model-4529801_960_720_6.jpg","url":"https:\/\/www.koompas.cz\/wp-content\/uploads\/model-4529801_960_720_6.jpg","height":0,"width":0},"url":"https:\/\/www.koompas.cz\/kdyz-se-rozhodnete-udelat-ve-svem-zivote-zmenu\/","about":["Kr\u00e1sa"],"wordCount":432,"articleBody":"Co si mysl\u00edte o prodlou\u017een\u00fdch vlasech? Popravd\u011b v\u00e1m m\u016f\u017eu \u0159\u00edct, \u017ee sv\u00e9 zku\u0161enosti m\u00e1m j\u00e1. Kr\u00e1tk\u00e9 vlasy m\u00e1m od p\u0159\u00edrody, ale se svou zku\u0161enost\u00ed jsem byla cel\u00fd \u017eivot takov\u00e1, \u017ee mi h\u016f\u0159 prost\u011b rostly a u\u017e se mi to p\u0159estalo l\u00edbit. Samoz\u0159ejm\u011b u\u017e mi je kolem 30 let a cht\u011bla jsem ud\u011blat tro\u0161ku zm\u011bnu. Prost\u011b jsem se rozhodla ud\u011blat takovou zm\u011bnu, \u017ee si nech\u00e1m prodlou\u017eit vlasy. Popravd\u011b v\u00e1m m\u016f\u017eu \u0159\u00edct, \u017ee jsem stra\u0161n\u011b \u010dasto koukala jak na internetu, tak prost\u011b na ty holky, kter\u00e9 maj\u00ed prodlou\u017een\u00e9 vlasy, a stra\u0161n\u011b m\u011b to l\u00e1kalo. Cena t\u011bch prodlou\u017een\u00fdch vlas\u016f je docela drah\u00e1, ale ned\u00e1 se nic d\u011blat. J\u00e1 u\u017e jsem se takhle rozhodla a p\u0159edstavte si, nechala jsem si ty vlasy prodlou\u017eit.M\u016f\u017eu v\u00e1m \u0159\u00edct, \u017ee m\u011b to stra\u0161n\u011b zm\u011bnilo a od t\u00e9 doby mi opravdu hodn\u011b lid\u00ed \u0159\u00edk\u00e1, \u017ee mi to stra\u0161n\u011b slu\u0161\u00ed a \u017ee mi v\u017edycky slu\u0161\u00ed dlouh\u00e9 vlasy mnohem v\u00edc ne\u017e ty kr\u00e1tk\u00e9. Tak\u017ee nakonec jsem r\u00e1da, \u017ee jsem ud\u011blala takovou zm\u011bnu, proto\u017ee ta zm\u011bna je opravdu pot\u0159eba a je hlavn\u011b pot\u0159eba, aby se \u010dlov\u011bk c\u00edtil dokonale a sebejist\u011bj. J\u00e1 jsem se tedy c\u00edtila dob\u0159e i s t\u011bmi kr\u00e1tk\u00fdmi vlasy, ale popravd\u011b se p\u0159izn\u00e1m, \u017ee u\u017e m\u011b to nebavilo. U\u017e jsem to nosila opravdu pom\u011brn\u011b p\u016flku sv\u00e9ho \u017eivota a u\u017e jsem cht\u011bla tu zm\u011bnu.Tak\u017ee jsem nakonec r\u00e1da, \u017ee jsem se takhle rozhoupala a tu zm\u011bnu ud\u011blala. Proto\u017ee m\u011b to stra\u0161n\u011b uchv\u00e1tilo a pot\u011b\u0161ilo a jsem stra\u0161n\u011b r\u00e1da. Ona je pot\u0159eba v\u017edycky opravdu v tom \u017eivot\u011b ud\u011blat tu zm\u011bnu, proto\u017ee kdy\u017e u\u017e c\u00edt\u00edte nebo vid\u00edte na sob\u011b, \u017ee u\u017e v\u00e1s to nebav\u00ed, \u017ee chcete ud\u011blat n\u011bjakou zm\u011bnu, tak v\u017edycky j\u00ed ur\u010dit\u011b ud\u011blejte, proto\u017ee ta zm\u011bna je opravdu pot\u0159eba. Proto\u017ee pak se budete c\u00edtit mnohem l\u00edp a kdy\u017e hlavn\u011b chcete ud\u011blat na sob\u011b zm\u011bnu, tak to v\u017edycky ud\u011blejte a na nic ne\u010dekejte. \u010cek\u00e1n\u00ed je marn\u00fd boj, a pokud chcete vypadat skv\u011ble, tak to ud\u011blejte v\u017edy, proto\u017ee kr\u00e1su m\u00e1te ve sv\u00fdch rukou jenom vy. \ud83d\ude42 \ud83d\ude42                                                                                                                                                                                                                                                                                                                                                                                        4.7\/5 - (6 votes)        "},{"@context":"https:\/\/schema.org\/","@type":"BreadcrumbList","itemListElement":[{"@type":"ListItem","position":1,"name":"Kdy\u017e se rozhodnete ud\u011blat ve sv\u00e9m \u017eivot\u011b zm\u011bnu","item":"https:\/\/www.koompas.cz\/kdyz-se-rozhodnete-udelat-ve-svem-zivote-zmenu\/#breadcrumbitem"}]}]